{"id":1128,"date":"2016-04-08T00:53:31","date_gmt":"2016-04-08T00:53:31","guid":{"rendered":"http:\/\/wikoliamusic.com\/?p=1128"},"modified":"2016-11-25T08:49:18","modified_gmt":"2016-11-25T08:49:18","slug":"festivales-europeos-imperdibles-en-verano-2016","status":"publish","type":"post","link":"https:\/\/www.wikoliamusic.com\/blog\/festivales-europeos-imperdibles-en-verano-2016\/","title":{"rendered":"Festivales europeos imprescindibles en verano de 2016"},"content":{"rendered":"<p>Con la llegada de la primavera, empiezan los grandes eventos musicales. A\u00f1o tras a\u00f1o los festivales europeos se reinventan para asombrar a la gran audiencia. Cada pa\u00eds apuesta por aut\u00e9nticas tem\u00e1ticas, carteles de impacto y propuestas esc\u00e9nicas inolvidables. Es hora que empieces a crear tu agenda de eventos. Te aseguramos que el 2016 est\u00e1 lleno de sorpresas.<\/p>\n<h3><strong>#1 Love International, Croacia\u00a0<\/strong><\/h3>\n<p><img data-recalc-dims=\"1\" loading=\"lazy\" decoding=\"async\" data-attachment-id=\"1245\" data-permalink=\"https:\/\/www.wikoliamusic.com\/blog\/croacia-wikolia-1\/\" data-orig-file=\"https:\/\/i0.wp.com\/www.wikoliamusic.com\/blog\/wp-content\/uploads\/2016\/04\/croacia-wikolia-1.jpg?fit=800%2C400&amp;ssl=1\" data-orig-size=\"800,400\" data-comments-opened=\"1\" data-image-meta=\"{&quot;aperture&quot;:&quot;0&quot;,&quot;credit&quot;:&quot;&quot;,&quot;camera&quot;:&quot;&quot;,&quot;caption&quot;:&quot;&quot;,&quot;created_timestamp&quot;:&quot;0&quot;,&quot;copyright&quot;:&quot;&quot;,&quot;focal_length&quot;:&quot;0&quot;,&quot;iso&quot;:&quot;0&quot;,&quot;shutter_speed&quot;:&quot;0&quot;,&quot;title&quot;:&quot;&quot;,&quot;orientation&quot;:&quot;0&quot;}\" data-image-title=\"croacia-wikolia-1\" data-image-description=\"\" data-image-caption=\"\" data-medium-file=\"https:\/\/i0.wp.com\/www.wikoliamusic.com\/blog\/wp-content\/uploads\/2016\/04\/croacia-wikolia-1.jpg?fit=300%2C150&amp;ssl=1\" data-large-file=\"https:\/\/i0.wp.com\/www.wikoliamusic.com\/blog\/wp-content\/uploads\/2016\/04\/croacia-wikolia-1.jpg?fit=696%2C348&amp;ssl=1\" class=\"aligncenter size-full wp-image-1245\" src=\"https:\/\/i0.wp.com\/www.wikoliamusic.com\/blog\/wp-content\/uploads\/2016\/04\/croacia-wikolia-1.jpg?resize=696%2C348&#038;ssl=1\" alt=\"croacia-wikolia-1\" width=\"696\" height=\"348\" srcset=\"https:\/\/i0.wp.com\/www.wikoliamusic.com\/blog\/wp-content\/uploads\/2016\/04\/croacia-wikolia-1.jpg?w=800&amp;ssl=1 800w, https:\/\/i0.wp.com\/www.wikoliamusic.com\/blog\/wp-content\/uploads\/2016\/04\/croacia-wikolia-1.jpg?resize=300%2C150&amp;ssl=1 300w, https:\/\/i0.wp.com\/www.wikoliamusic.com\/blog\/wp-content\/uploads\/2016\/04\/croacia-wikolia-1.jpg?resize=768%2C384&amp;ssl=1 768w, https:\/\/i0.wp.com\/www.wikoliamusic.com\/blog\/wp-content\/uploads\/2016\/04\/croacia-wikolia-1.jpg?resize=696%2C348&amp;ssl=1 696w\" sizes=\"auto, (max-width: 696px) 100vw, 696px\" \/><\/p>\n<p>Se realiza en The Garden Resort de Tisno, un espacio natural con bah\u00eda privada. Esta fiesta \u00a0tendr\u00e1 lugar del 29 de junio al 6 de julio. Con las mejores <em>boat parties <\/em>y un aluvi\u00f3n de artistas. Axel Boman, Ben UFO, Dixon, Eats Everything, Prosumer, Red Axes, Fort Romeau, Maxxi Soundsystem se dan cita en esta gran fiesta.<\/p>\n<p>&nbsp;<\/p>\n<h3><strong>#2 Secret Solstice, Islandia<\/strong><\/h3>\n<p><img data-recalc-dims=\"1\" loading=\"lazy\" decoding=\"async\" data-attachment-id=\"1247\" data-permalink=\"https:\/\/www.wikoliamusic.com\/blog\/secret-solstice-wikolia-1\/\" data-orig-file=\"https:\/\/i0.wp.com\/www.wikoliamusic.com\/blog\/wp-content\/uploads\/2016\/04\/secret-solstice-wikolia-1.jpg?fit=800%2C400&amp;ssl=1\" data-orig-size=\"800,400\" data-comments-opened=\"1\" data-image-meta=\"{&quot;aperture&quot;:&quot;0&quot;,&quot;credit&quot;:&quot;&quot;,&quot;camera&quot;:&quot;&quot;,&quot;caption&quot;:&quot;&quot;,&quot;created_timestamp&quot;:&quot;0&quot;,&quot;copyright&quot;:&quot;&quot;,&quot;focal_length&quot;:&quot;0&quot;,&quot;iso&quot;:&quot;0&quot;,&quot;shutter_speed&quot;:&quot;0&quot;,&quot;title&quot;:&quot;&quot;,&quot;orientation&quot;:&quot;0&quot;}\" data-image-title=\"secret-solstice-wikolia-1\" data-image-description=\"\" data-image-caption=\"\" data-medium-file=\"https:\/\/i0.wp.com\/www.wikoliamusic.com\/blog\/wp-content\/uploads\/2016\/04\/secret-solstice-wikolia-1.jpg?fit=300%2C150&amp;ssl=1\" data-large-file=\"https:\/\/i0.wp.com\/www.wikoliamusic.com\/blog\/wp-content\/uploads\/2016\/04\/secret-solstice-wikolia-1.jpg?fit=696%2C348&amp;ssl=1\" class=\"aligncenter size-full wp-image-1247\" src=\"https:\/\/i0.wp.com\/www.wikoliamusic.com\/blog\/wp-content\/uploads\/2016\/04\/secret-solstice-wikolia-1.jpg?resize=696%2C348&#038;ssl=1\" alt=\"secret-solstice-wikolia-1\" width=\"696\" height=\"348\" srcset=\"https:\/\/i0.wp.com\/www.wikoliamusic.com\/blog\/wp-content\/uploads\/2016\/04\/secret-solstice-wikolia-1.jpg?w=800&amp;ssl=1 800w, https:\/\/i0.wp.com\/www.wikoliamusic.com\/blog\/wp-content\/uploads\/2016\/04\/secret-solstice-wikolia-1.jpg?resize=300%2C150&amp;ssl=1 300w, https:\/\/i0.wp.com\/www.wikoliamusic.com\/blog\/wp-content\/uploads\/2016\/04\/secret-solstice-wikolia-1.jpg?resize=768%2C384&amp;ssl=1 768w, https:\/\/i0.wp.com\/www.wikoliamusic.com\/blog\/wp-content\/uploads\/2016\/04\/secret-solstice-wikolia-1.jpg?resize=696%2C348&amp;ssl=1 696w\" sizes=\"auto, (max-width: 696px) 100vw, 696px\" \/><\/p>\n<p>Indiscutiblemente, los veranos en Islandia son de ensue\u00f1o. Una de sus particularidades es que el Sol nunca termina de ponerse en el norte. De este modo, Secret Solstice te ofrece una experiencia irrepetible. Tres d\u00edas de m\u00fasica y sol ininterrumpido. Esta edici\u00f3n programada del\u00a017 y el 19 de junio\u00a0cuenta con la participaci\u00f3n de\u00a0Radiohead, Afrika Bambaataa, Kerri Chandler, Goldie, Apollonia, Lil\u2019 Louis, Marshall Jefferson, entre otros.<\/p>\n<p>&nbsp;<\/p>\n<h3><strong>#3 Weather festival<\/strong><\/h3>\n<p><img data-recalc-dims=\"1\" loading=\"lazy\" decoding=\"async\" data-attachment-id=\"1248\" data-permalink=\"https:\/\/www.wikoliamusic.com\/blog\/weather-festival-wikolia-1\/\" data-orig-file=\"https:\/\/i0.wp.com\/www.wikoliamusic.com\/blog\/wp-content\/uploads\/2016\/04\/Weather-festival-wikolia-1.jpg?fit=800%2C400&amp;ssl=1\" data-orig-size=\"800,400\" data-comments-opened=\"1\" data-image-meta=\"{&quot;aperture&quot;:&quot;0&quot;,&quot;credit&quot;:&quot;&quot;,&quot;camera&quot;:&quot;&quot;,&quot;caption&quot;:&quot;&quot;,&quot;created_timestamp&quot;:&quot;0&quot;,&quot;copyright&quot;:&quot;&quot;,&quot;focal_length&quot;:&quot;0&quot;,&quot;iso&quot;:&quot;0&quot;,&quot;shutter_speed&quot;:&quot;0&quot;,&quot;title&quot;:&quot;&quot;,&quot;orientation&quot;:&quot;0&quot;}\" data-image-title=\"Weather-festival-wikolia-1\" data-image-description=\"\" data-image-caption=\"\" data-medium-file=\"https:\/\/i0.wp.com\/www.wikoliamusic.com\/blog\/wp-content\/uploads\/2016\/04\/Weather-festival-wikolia-1.jpg?fit=300%2C150&amp;ssl=1\" data-large-file=\"https:\/\/i0.wp.com\/www.wikoliamusic.com\/blog\/wp-content\/uploads\/2016\/04\/Weather-festival-wikolia-1.jpg?fit=696%2C348&amp;ssl=1\" class=\"aligncenter size-full wp-image-1248\" src=\"https:\/\/i0.wp.com\/www.wikoliamusic.com\/blog\/wp-content\/uploads\/2016\/04\/Weather-festival-wikolia-1.jpg?resize=696%2C348&#038;ssl=1\" alt=\"Weather-festival-wikolia-1\" width=\"696\" height=\"348\" srcset=\"https:\/\/i0.wp.com\/www.wikoliamusic.com\/blog\/wp-content\/uploads\/2016\/04\/Weather-festival-wikolia-1.jpg?w=800&amp;ssl=1 800w, https:\/\/i0.wp.com\/www.wikoliamusic.com\/blog\/wp-content\/uploads\/2016\/04\/Weather-festival-wikolia-1.jpg?resize=300%2C150&amp;ssl=1 300w, https:\/\/i0.wp.com\/www.wikoliamusic.com\/blog\/wp-content\/uploads\/2016\/04\/Weather-festival-wikolia-1.jpg?resize=768%2C384&amp;ssl=1 768w, https:\/\/i0.wp.com\/www.wikoliamusic.com\/blog\/wp-content\/uploads\/2016\/04\/Weather-festival-wikolia-1.jpg?resize=696%2C348&amp;ssl=1 696w\" sizes=\"auto, (max-width: 696px) 100vw, 696px\" \/><\/p>\n<p>Es una de las propuestas electr\u00f3nicas m\u00e1s importantes de Francia. Este a\u00f1o se realizar\u00e1 del 3 al 5 Junio en las afuera de Par\u00eds,\u00a0 (aeropuerto Le Bourget). Con un irresistible<em> line up<\/em> y la posibilidad de recibir campistas y caravanas, Weather festival, es una de las opciones favoritas del verano.\u00a0 El cartel de este a\u00f1o est\u00e1 conformado por Marcel Dettmann, Dixon, Ben Klock, Len Faki, Motor City Drum Ensemble, entre otros.<\/p>\n<p>&nbsp;<\/p>\n<h3><strong>#4 Primavera Sound, Espa\u00f1a<\/strong><\/h3>\n<p><img data-recalc-dims=\"1\" loading=\"lazy\" decoding=\"async\" data-attachment-id=\"1246\" data-permalink=\"https:\/\/www.wikoliamusic.com\/blog\/primavera-sound-espana-wikolia-1\/\" data-orig-file=\"https:\/\/i0.wp.com\/www.wikoliamusic.com\/blog\/wp-content\/uploads\/2016\/04\/Primavera-Sound-Espa%C3%B1a-wikolia-1.jpg?fit=800%2C400&amp;ssl=1\" data-orig-size=\"800,400\" data-comments-opened=\"1\" data-image-meta=\"{&quot;aperture&quot;:&quot;0&quot;,&quot;credit&quot;:&quot;&quot;,&quot;camera&quot;:&quot;&quot;,&quot;caption&quot;:&quot;&quot;,&quot;created_timestamp&quot;:&quot;0&quot;,&quot;copyright&quot;:&quot;&quot;,&quot;focal_length&quot;:&quot;0&quot;,&quot;iso&quot;:&quot;0&quot;,&quot;shutter_speed&quot;:&quot;0&quot;,&quot;title&quot;:&quot;&quot;,&quot;orientation&quot;:&quot;0&quot;}\" data-image-title=\"Primavera Sound-Espa\u00f1a-wikolia-1\" data-image-description=\"\" data-image-caption=\"\" data-medium-file=\"https:\/\/i0.wp.com\/www.wikoliamusic.com\/blog\/wp-content\/uploads\/2016\/04\/Primavera-Sound-Espa%C3%B1a-wikolia-1.jpg?fit=300%2C150&amp;ssl=1\" data-large-file=\"https:\/\/i0.wp.com\/www.wikoliamusic.com\/blog\/wp-content\/uploads\/2016\/04\/Primavera-Sound-Espa%C3%B1a-wikolia-1.jpg?fit=696%2C348&amp;ssl=1\" class=\"aligncenter size-full wp-image-1246\" src=\"https:\/\/i0.wp.com\/www.wikoliamusic.com\/blog\/wp-content\/uploads\/2016\/04\/Primavera-Sound-Espa%C3%B1a-wikolia-1.jpg?resize=696%2C348&#038;ssl=1\" alt=\"Primavera Sound-Espa\u00f1a-wikolia-1\" width=\"696\" height=\"348\" srcset=\"https:\/\/i0.wp.com\/www.wikoliamusic.com\/blog\/wp-content\/uploads\/2016\/04\/Primavera-Sound-Espa%C3%B1a-wikolia-1.jpg?w=800&amp;ssl=1 800w, https:\/\/i0.wp.com\/www.wikoliamusic.com\/blog\/wp-content\/uploads\/2016\/04\/Primavera-Sound-Espa%C3%B1a-wikolia-1.jpg?resize=300%2C150&amp;ssl=1 300w, https:\/\/i0.wp.com\/www.wikoliamusic.com\/blog\/wp-content\/uploads\/2016\/04\/Primavera-Sound-Espa%C3%B1a-wikolia-1.jpg?resize=768%2C384&amp;ssl=1 768w, https:\/\/i0.wp.com\/www.wikoliamusic.com\/blog\/wp-content\/uploads\/2016\/04\/Primavera-Sound-Espa%C3%B1a-wikolia-1.jpg?resize=696%2C348&amp;ssl=1 696w\" sizes=\"auto, (max-width: 696px) 100vw, 696px\" \/><\/p>\n<p>Primavera Sound\u00a0 es uno de los eventos m\u00e1s importantes de Espa\u00f1a. Hasta ahora ha sido reconocido con galardones como Premi Altaveu, European Festival Awards, Greener Festival Award, por tan solo mencionar algunos. Esta edici\u00f3n contar\u00e1 con la presencia de los Radiohead, LCD Soundsystem, PJ Harvey, adem\u00e1s de incre\u00edbles\u00a0m\u00fasicos electr\u00f3nicos, como Hudson Mohawke, Floating Points y \u00d3ptimo. En Espa\u00f1a, la cita es del 01 al 05 de junio.<\/p>\n<h3><strong>#5 Colours of Ostrava, Rep\u00fablica Checa<\/strong><\/h3>\n<p><img data-recalc-dims=\"1\" loading=\"lazy\" decoding=\"async\" data-attachment-id=\"1244\" data-permalink=\"https:\/\/www.wikoliamusic.com\/blog\/colours-of-ostrava-republica-checa-wikolia-1\/\" data-orig-file=\"https:\/\/i0.wp.com\/www.wikoliamusic.com\/blog\/wp-content\/uploads\/2016\/04\/Colours-of-Ostrava-Rep%C3%BAblica-Checa-wikolia-1.jpg?fit=800%2C400&amp;ssl=1\" data-orig-size=\"800,400\" data-comments-opened=\"1\" data-image-meta=\"{&quot;aperture&quot;:&quot;0&quot;,&quot;credit&quot;:&quot;&quot;,&quot;camera&quot;:&quot;&quot;,&quot;caption&quot;:&quot;&quot;,&quot;created_timestamp&quot;:&quot;0&quot;,&quot;copyright&quot;:&quot;&quot;,&quot;focal_length&quot;:&quot;0&quot;,&quot;iso&quot;:&quot;0&quot;,&quot;shutter_speed&quot;:&quot;0&quot;,&quot;title&quot;:&quot;&quot;,&quot;orientation&quot;:&quot;0&quot;}\" data-image-title=\"Colours of Ostrava-Rep\u00fablica Checa-wikolia-1\" data-image-description=\"\" data-image-caption=\"\" data-medium-file=\"https:\/\/i0.wp.com\/www.wikoliamusic.com\/blog\/wp-content\/uploads\/2016\/04\/Colours-of-Ostrava-Rep%C3%BAblica-Checa-wikolia-1.jpg?fit=300%2C150&amp;ssl=1\" data-large-file=\"https:\/\/i0.wp.com\/www.wikoliamusic.com\/blog\/wp-content\/uploads\/2016\/04\/Colours-of-Ostrava-Rep%C3%BAblica-Checa-wikolia-1.jpg?fit=696%2C348&amp;ssl=1\" class=\"aligncenter size-full wp-image-1244\" src=\"https:\/\/i0.wp.com\/www.wikoliamusic.com\/blog\/wp-content\/uploads\/2016\/04\/Colours-of-Ostrava-Rep%C3%BAblica-Checa-wikolia-1.jpg?resize=696%2C348&#038;ssl=1\" alt=\"Colours of Ostrava-Rep\u00fablica Checa-wikolia-1\" width=\"696\" height=\"348\" srcset=\"https:\/\/i0.wp.com\/www.wikoliamusic.com\/blog\/wp-content\/uploads\/2016\/04\/Colours-of-Ostrava-Rep%C3%BAblica-Checa-wikolia-1.jpg?w=800&amp;ssl=1 800w, https:\/\/i0.wp.com\/www.wikoliamusic.com\/blog\/wp-content\/uploads\/2016\/04\/Colours-of-Ostrava-Rep%C3%BAblica-Checa-wikolia-1.jpg?resize=300%2C150&amp;ssl=1 300w, https:\/\/i0.wp.com\/www.wikoliamusic.com\/blog\/wp-content\/uploads\/2016\/04\/Colours-of-Ostrava-Rep%C3%BAblica-Checa-wikolia-1.jpg?resize=768%2C384&amp;ssl=1 768w, https:\/\/i0.wp.com\/www.wikoliamusic.com\/blog\/wp-content\/uploads\/2016\/04\/Colours-of-Ostrava-Rep%C3%BAblica-Checa-wikolia-1.jpg?resize=696%2C348&amp;ssl=1 696w\" sizes=\"auto, (max-width: 696px) 100vw, 696px\" \/><\/p>\n<p>Del 14 al 17 de julio se celebrar\u00e1 Colours of Ostrava, el galardonado festival multig\u00e9nero que se lleva a cabo en el espacio Doln\u00ed V\u00edtkovice, un antiguo complejo de acer\u00eda y ferrer\u00edas. En esta fiesta <em>underground <\/em>se presentar\u00e1n artistas como: Mbongwana Star y Mariachi el Bronx.<\/p>\n<p>Y para ti, \u00bfcual es el mejor?<\/p>\n","protected":false},"excerpt":{"rendered":"<p>Con la llegada de la primavera, empiezan los grandes eventos musicales. A\u00f1o tras a\u00f1o los festivales europeos se reinventan para asombrar a la gran audiencia. Cada pa\u00eds apuesta por aut\u00e9nticas tem\u00e1ticas, carteles de impacto y propuestas esc\u00e9nicas inolvidables. Es hora que empieces a crear tu agenda de eventos. Te aseguramos que el 2016 est\u00e1 lleno [&hellip;]<\/p>\n","protected":false},"author":2,"featured_media":1325,"comment_status":"open","ping_status":"open","sticky":false,"template":"","format":"standard","meta":{"_exactmetrics_skip_tracking":false,"_exactmetrics_sitenote_active":false,"_exactmetrics_sitenote_note":"","_exactmetrics_sitenote_category":0,"jetpack_post_was_ever_published":false,"_jetpack_newsletter_access":"","_jetpack_dont_email_post_to_subs":false,"_jetpack_newsletter_tier_id":0,"_jetpack_memberships_contains_paywalled_content":false,"_jetpack_memberships_contains_paid_content":false,"footnotes":"","jetpack_publicize_message":"","jetpack_publicize_feature_enabled":true,"jetpack_social_post_already_shared":true,"jetpack_social_options":{"image_generator_settings":{"template":"highway","enabled":false},"version":2}},"categories":[928],"tags":[268,422,281,58,423,61,424,425,426,88,18,210,19,427,158,428,429,66,331],"class_list":{"0":"post-1128","1":"post","2":"type-post","3":"status-publish","4":"format-standard","5":"has-post-thumbnail","7":"category-curiosidades","8":"tag-bailar","9":"tag-croacia","10":"tag-dance","11":"tag-electronica","12":"tag-europa","13":"tag-festival","14":"tag-gente","15":"tag-live","16":"tag-multitud","17":"tag-music","18":"tag-musica","19":"tag-night","20":"tag-noche","21":"tag-paris","22":"tag-pasion","23":"tag-portugal","24":"tag-rumba","25":"tag-verano","26":"tag-vida"},"jetpack_publicize_connections":[],"aioseo_notices":[],"jetpack_featured_media_url":"https:\/\/i0.wp.com\/www.wikoliamusic.com\/blog\/wp-content\/uploads\/2016\/04\/festiseuropa-wikolia.jpg?fit=1100%2C400&ssl=1","jetpack_sharing_enabled":true,"jetpack_shortlink":"https:\/\/wp.me\/p9YHQ5-ic","jetpack-related-posts":[],"_links":{"self":[{"href":"https:\/\/www.wikoliamusic.com\/blog\/wp-json\/wp\/v2\/posts\/1128","targetHints":{"allow":["GET"]}}],"collection":[{"href":"https:\/\/www.wikoliamusic.com\/blog\/wp-json\/wp\/v2\/posts"}],"about":[{"href":"https:\/\/www.wikoliamusic.com\/blog\/wp-json\/wp\/v2\/types\/post"}],"author":[{"embeddable":true,"href":"https:\/\/www.wikoliamusic.com\/blog\/wp-json\/wp\/v2\/users\/2"}],"replies":[{"embeddable":true,"href":"https:\/\/www.wikoliamusic.com\/blog\/wp-json\/wp\/v2\/comments?post=1128"}],"version-history":[{"count":1,"href":"https:\/\/www.wikoliamusic.com\/blog\/wp-json\/wp\/v2\/posts\/1128\/revisions"}],"predecessor-version":[{"id":1986,"href":"https:\/\/www.wikoliamusic.com\/blog\/wp-json\/wp\/v2\/posts\/1128\/revisions\/1986"}],"wp:featuredmedia":[{"embeddable":true,"href":"https:\/\/www.wikoliamusic.com\/blog\/wp-json\/wp\/v2\/media\/1325"}],"wp:attachment":[{"href":"https:\/\/www.wikoliamusic.com\/blog\/wp-json\/wp\/v2\/media?parent=1128"}],"wp:term":[{"taxonomy":"category","embeddable":true,"href":"https:\/\/www.wikoliamusic.com\/blog\/wp-json\/wp\/v2\/categories?post=1128"},{"taxonomy":"post_tag","embeddable":true,"href":"https:\/\/www.wikoliamusic.com\/blog\/wp-json\/wp\/v2\/tags?post=1128"}],"curies":[{"name":"wp","href":"https:\/\/api.w.org\/{rel}","templated":true}]}}