{"id":1908,"date":"2016-11-18T05:59:39","date_gmt":"2016-11-18T05:59:39","guid":{"rendered":"http:\/\/wikoliamusic.com\/?p=1908"},"modified":"2016-11-26T13:09:35","modified_gmt":"2016-11-26T12:09:35","slug":"asi-fueron-los-grammy-latinos-2016-conoce-todos-los-detalles","status":"publish","type":"post","link":"https:\/\/www.wikoliamusic.com\/blog\/asi-fueron-los-grammy-latinos-2016-conoce-todos-los-detalles\/","title":{"rendered":"As\u00ed fueron los Grammy Latinos 2016: Conoce todos los detalles"},"content":{"rendered":"<p>Las Vegas se volc\u00f3 la noche del jueves, un a\u00f1o m\u00e1s, por la m\u00fasica latina. <strong>Los Latin Grammy de este a\u00f1o han llevado a sorpresas<\/strong>, pero tambi\u00e9n a grandes galardones muy esperados.<\/p>\n<p>Uno de los m\u00e1s importantes, el de Mejor \u00c1lbum, fue tambi\u00e9n el m\u00e1s emocionante para muchos de los que se encontraban en la sala: <strong>lo gan\u00f3 de forma p\u00f3stuma, y por primera vez, Juan Gabriel<\/strong>, fallecido este mismo a\u00f1o, mientras los asistentes coreaban su nombre al un\u00edsono.<\/p>\n<blockquote class=\"twitter-tweet\" data-lang=\"es\">\n<p dir=\"ltr\" lang=\"es\" style=\"text-align: center;\">\u00a1Felicidades! <a href=\"https:\/\/twitter.com\/soyjuangabriel\">@soyjuangabriel<\/a> \u00c1lbum Del A\u00f1o \ud83c\udfb6\ud83d\udc4f\ud83d\udc4f\ud83d\udc4f <a href=\"https:\/\/twitter.com\/hashtag\/LatinGRAMMY?src=hash\">#LatinGRAMMY<\/a> <a href=\"https:\/\/t.co\/9cnsR7uTnG\">pic.twitter.com\/9cnsR7uTnG<\/a><\/p>\n<p style=\"text-align: center;\">\u2014 Latin GRAMMYs (@LatinGRAMMYs) <a href=\"https:\/\/twitter.com\/LatinGRAMMYs\/status\/799467922141814785\">18 de noviembre de 2016<\/a><\/p>\n<\/blockquote>\n<p><script async=\"\" src=\"\/\/platform.twitter.com\/widgets.js\" charset=\"utf-8\"><\/script><\/p>\n<p>Manuel Medrano, por su parte, demostr\u00f3 que tiene mucho que decir (y cantar) a pesar de ser una cara nueva: se llev\u00f3 a casa dos galardones, entre ellos el de <strong>Mejor Nuevo Artista<\/strong>.<\/p>\n<p>Al nivel estuvo Yandel, que tambi\u00e9n consigui\u00f3 dos\u00a0gram\u00f3fonos: <strong>Mejor Canci\u00f3n urbana y Mejor Fusi\u00f3n\/Interpretaci\u00f3n urbana<\/strong>, ambos por su tema <em>Encantadora<\/em>.<\/p>\n<p>La pregunta del mill\u00f3n: \u00bfy <em>La Bicicleta<\/em>? Pues s\u00ed, se coron\u00f3 con <strong>dos de los Grammy Latinos m\u00e1s prestigiosos: Mejor Canci\u00f3n y Grabaci\u00f3n del A\u00f1o<\/strong>. Carlos Vives, que subi\u00f3 solo a recibir el galard\u00f3n (Shakira no pudo acudir debido a la enfermedad que sufre su hijo), y asegur\u00f3 que se siente \u201corgulloso\u201d de cantar en Espa\u00f1ol y de \u201chacer canciones amorosas\u201d para su gente.<\/p>\n<blockquote class=\"twitter-tweet\" data-lang=\"es\">\n<p dir=\"ltr\" lang=\"es\" style=\"text-align: center;\">\u00a1Felicidades! <a href=\"https:\/\/twitter.com\/carlosvives\">@carlosvives<\/a> y <a href=\"https:\/\/twitter.com\/shakira\">@shakira<\/a> \ud83c\udfb6\ud83d\udc4f\ud83d\udc4f\ud83d\udc4f recibe el <a href=\"https:\/\/twitter.com\/hashtag\/LatinGRAMMY?src=hash\">#LatinGRAMMY<\/a> por Canci\u00f3n Del A\u00f1o <a href=\"https:\/\/t.co\/7Wdq92vyze\">pic.twitter.com\/7Wdq92vyze<\/a><\/p>\n<p style=\"text-align: center;\">\u2014 Latin GRAMMYs (@LatinGRAMMYs) <a href=\"https:\/\/twitter.com\/LatinGRAMMYs\/status\/799435405435146240\">18 de noviembre de 2016<\/a><\/p>\n<\/blockquote>\n<p><script async=\"\" src=\"\/\/platform.twitter.com\/widgets.js\" charset=\"utf-8\"><\/script><\/p>\n<p>El par lo sumaron tambi\u00e9n Illa Kuryaky &amp; The Valderramas; y Los Fabulosos Cadillacs, que destacaron en la categor\u00eda de rock. <strong>La parte pop volvi\u00f3 a estar un a\u00f1o m\u00e1s en manos de los mexicanos Jesse y Joy<\/strong>, que se hicieron con el galard\u00f3n a Mejor \u00c1lbum.<\/p>\n<p>En las actuaciones, como siempre, hubo emociones cruzadas. Juanes dio el pistoletazo de salida a una noche que lleg\u00f3 a una de sus cimas cuando Jennifer L\u00f3pez y Marc Anthony subieron al escenario para cantar juntos<em> Olv\u00eddame y pega la vuelta<\/em>. \u00c9l recibi\u00f3 el premio a Persona del a\u00f1o, que entreg\u00f3 a su exmujer.<\/p>\n<blockquote class=\"twitter-tweet\" data-lang=\"es\">\n<p dir=\"ltr\" lang=\"es\" style=\"text-align: center;\">\u00a1Que emoci\u00f3n! <a href=\"https:\/\/twitter.com\/MarcAnthony\">@MarcAnthony<\/a> Persona del A\u00f1o 2016 \ud83d\udc4f\ud83d\udc4f\ud83d\udc4f <a href=\"https:\/\/twitter.com\/JLo\">@JLo<\/a> <a href=\"https:\/\/t.co\/CUwWWacbtz\">pic.twitter.com\/CUwWWacbtz<\/a><\/p>\n<p style=\"text-align: center;\">\u2014 Latin GRAMMYs (@LatinGRAMMYs) <a href=\"https:\/\/twitter.com\/LatinGRAMMYs\/status\/799458755356213248\">18 de noviembre de 2016<\/a><\/p>\n<\/blockquote>\n<p><script async=\"\" src=\"\/\/platform.twitter.com\/widgets.js\" charset=\"utf-8\"><\/script><\/p>\n<p>Jesse y Joy y <strong>Wisin tuvieron sus momentazos<\/strong> en los micros, el Circo del Sol dej\u00f3 con la boca abierta a los asistentes y la qu\u00edmica que compartieron Prince Royce y Gerardo Ortiz hizo bailar hasta a los m\u00e1s t\u00edmidos.<\/p>\n<p>En los discursos, Donald Trump (o, como lo denomin\u00f3 Carla Morrison,<strong> el \u201ccabr\u00f3n naranja\u201d) fue uno de los grandes protagonistas<\/strong>: muchos de los artistas mostraron su descontento ante las pol\u00edticas claramente antiinmigrantes del magnate y nuevo presidente de Estados Unidos.<\/p>\n<p>No obstante, y a pesar de esas reivindicaciones,<strong> fue una noche cargada de premios, alegr\u00eda y grandes actuaciones<\/strong>. Si te interesa consultar la lista completa de ganadores, puedes hacerlo en la <a href=\"https:\/\/www.latingrammy.com\/es\/nominees\">web oficial<\/a>.<\/p>\n","protected":false},"excerpt":{"rendered":"<p>Las Vegas se volc\u00f3 la noche del jueves, un a\u00f1o m\u00e1s, por la m\u00fasica latina. Los Latin Grammy de este a\u00f1o han llevado a sorpresas, pero tambi\u00e9n a grandes galardones muy esperados. Uno de los m\u00e1s importantes, el de Mejor \u00c1lbum, fue tambi\u00e9n el m\u00e1s emocionante para muchos de los que se encontraban en la [&hellip;]<\/p>\n","protected":false},"author":2,"featured_media":2105,"comment_status":"open","ping_status":"open","sticky":false,"template":"","format":"standard","meta":{"_exactmetrics_skip_tracking":false,"_exactmetrics_sitenote_active":false,"_exactmetrics_sitenote_note":"","_exactmetrics_sitenote_category":0,"jetpack_post_was_ever_published":false,"_jetpack_newsletter_access":"","_jetpack_dont_email_post_to_subs":false,"_jetpack_newsletter_tier_id":0,"_jetpack_memberships_contains_paywalled_content":false,"_jetpack_memberships_contains_paid_content":false,"footnotes":"","jetpack_publicize_message":"","jetpack_publicize_feature_enabled":true,"jetpack_social_post_already_shared":true,"jetpack_social_options":{"image_generator_settings":{"template":"highway","enabled":false},"version":2}},"categories":[7],"tags":[55,38,555,39,603,40,30,923,41,42,43,924,44,925,926,45,46,47,48,18,36,49,50,51,52,53,54],"class_list":{"0":"post-1908","1":"post","2":"type-post","3":"status-publish","4":"format-standard","5":"has-post-thumbnail","7":"category-noticias","8":"tag-55","9":"tag-cantantes","10":"tag-carlos-vives","11":"tag-curioso","12":"tag-daddy-yankee","13":"tag-dinero","14":"tag-don-omar","15":"tag-donald-trump","16":"tag-exito","17":"tag-jennifer-lopez","18":"tag-jlo","19":"tag-juan-gabriel","20":"tag-juanes","21":"tag-la-bicicleta","22":"tag-latin-grammy","23":"tag-latinos","24":"tag-luis-miguel","25":"tag-maluma","26":"tag-marc-anthony","27":"tag-musica","28":"tag-pitbull","29":"tag-remix","30":"tag-ricky-martin","31":"tag-ricos","32":"tag-romeo-santos","33":"tag-shakira","34":"tag-supercurioso"},"jetpack_publicize_connections":[],"aioseo_notices":[],"jetpack_featured_media_url":"https:\/\/i0.wp.com\/www.wikoliamusic.com\/blog\/wp-content\/uploads\/2016\/11\/marc-anthony-ricky-martin-wikolia-1024x372.jpg?fit=1024%2C372&ssl=1","jetpack_sharing_enabled":true,"jetpack_shortlink":"https:\/\/wp.me\/p9YHQ5-uM","jetpack-related-posts":[],"_links":{"self":[{"href":"https:\/\/www.wikoliamusic.com\/blog\/wp-json\/wp\/v2\/posts\/1908","targetHints":{"allow":["GET"]}}],"collection":[{"href":"https:\/\/www.wikoliamusic.com\/blog\/wp-json\/wp\/v2\/posts"}],"about":[{"href":"https:\/\/www.wikoliamusic.com\/blog\/wp-json\/wp\/v2\/types\/post"}],"author":[{"embeddable":true,"href":"https:\/\/www.wikoliamusic.com\/blog\/wp-json\/wp\/v2\/users\/2"}],"replies":[{"embeddable":true,"href":"https:\/\/www.wikoliamusic.com\/blog\/wp-json\/wp\/v2\/comments?post=1908"}],"version-history":[{"count":2,"href":"https:\/\/www.wikoliamusic.com\/blog\/wp-json\/wp\/v2\/posts\/1908\/revisions"}],"predecessor-version":[{"id":2041,"href":"https:\/\/www.wikoliamusic.com\/blog\/wp-json\/wp\/v2\/posts\/1908\/revisions\/2041"}],"wp:featuredmedia":[{"embeddable":true,"href":"https:\/\/www.wikoliamusic.com\/blog\/wp-json\/wp\/v2\/media\/2105"}],"wp:attachment":[{"href":"https:\/\/www.wikoliamusic.com\/blog\/wp-json\/wp\/v2\/media?parent=1908"}],"wp:term":[{"taxonomy":"category","embeddable":true,"href":"https:\/\/www.wikoliamusic.com\/blog\/wp-json\/wp\/v2\/categories?post=1908"},{"taxonomy":"post_tag","embeddable":true,"href":"https:\/\/www.wikoliamusic.com\/blog\/wp-json\/wp\/v2\/tags?post=1908"}],"curies":[{"name":"wp","href":"https:\/\/api.w.org\/{rel}","templated":true}]}}